{"id":2379,"date":"2022-06-17T11:36:44","date_gmt":"2022-06-17T09:36:44","guid":{"rendered":"https:\/\/www.fadein.hr\/dandelion-for-factory-to-workers\/"},"modified":"2022-07-18T22:08:15","modified_gmt":"2022-07-18T20:08:15","slug":"dandelion-for-factory-to-workers","status":"publish","type":"post","link":"https:\/\/www.fadein.hr\/en\/dandelion-for-factory-to-workers\/","title":{"rendered":"Dandelion for &#8220;Factory to Workers&#8221;"},"content":{"rendered":"<p>\u201cHere, the cleaning lady and the director are both workers\u201d<\/p>\n<p>Croatia, 2005. A machine tools plant is taken over by its workers. It turns into the only successful example of a factory occupation in post-socialist Europe. Ten years after this revolutionary turning point, the rebellious employee behind the occupation now strives to prevent a production shutdown. Sustainability depends on the sacrifices of the workers protecting their livelihood from the threats of a ruthless economy. For 5 years, director Sr\u0111an Kova\u010devi\u0107 follows the inside story of the people who struggle to keep the once prestigious factory running. A decade later, the question remains: can the slogan \u201cFactory to the Workers\u201d be kept alive, or is it just a utopian dream?<\/p>\n<p>More about the film <a href=\"https:\/\/www.fadein.hr\/projekti\/tvornice-radnicima\/\">here<\/a>, and about the festival and festival awards <a href=\"https:\/\/underhillfest.me\/en\/13th-underhillfest-awards\/\">here.<\/a><\/p>\n","protected":false},"excerpt":{"rendered":"<p>The &#8220;Masla\u010dak&#8221; (Dandelion) award in the regional selection 13. The Underhill film festival received our &#8220;Factory to Workers&#8221; documentary.<\/p>\n","protected":false},"author":3,"featured_media":2380,"comment_status":"open","ping_status":"open","sticky":false,"template":"","format":"standard","meta":{"_acf_changed":false,"footnotes":""},"categories":[71],"tags":[],"class_list":["post-2379","post","type-post","status-publish","format-standard","has-post-thumbnail","hentry","category-news"],"acf":[],"yoast_head":"<!-- This site is optimized with the Yoast SEO plugin v25.3.1 - https:\/\/yoast.com\/wordpress\/plugins\/seo\/ -->\n<title>Dandelion for &quot;Factory to Workers&quot; &#8226; FADE IN - Fantasti\u010dno dobra Institucija<\/title>\n<meta name=\"description\" content=\"The &quot;Masla\u010dak&quot; (Dandelion) award in the regional selection 13. The Underhill film festival received our &quot;Factory to Workers&quot; documentary.\" \/>\n<meta name=\"robots\" content=\"index, follow, max-snippet:-1, max-image-preview:large, max-video-preview:-1\" \/>\n<link rel=\"canonical\" href=\"https:\/\/www.fadein.hr\/en\/dandelion-for-factory-to-workers\/\" \/>\n<meta property=\"og:locale\" content=\"en_US\" \/>\n<meta property=\"og:type\" content=\"article\" \/>\n<meta property=\"og:title\" content=\"Dandelion for &quot;Factory to Workers&quot; &#8226; FADE IN - Fantasti\u010dno dobra Institucija\" \/>\n<meta property=\"og:description\" content=\"The &quot;Masla\u010dak&quot; (Dandelion) award in the regional selection 13. The Underhill film festival received our &quot;Factory to Workers&quot; documentary.\" \/>\n<meta property=\"og:url\" content=\"https:\/\/www.fadein.hr\/en\/dandelion-for-factory-to-workers\/\" \/>\n<meta property=\"og:site_name\" content=\"FADE IN - Fantasti\u010dno dobra Institucija\" \/>\n<meta property=\"article:publisher\" content=\"https:\/\/www.facebook.com\/fadeinhr\/\" \/>\n<meta property=\"article:published_time\" content=\"2022-06-17T09:36:44+00:00\" \/>\n<meta property=\"article:modified_time\" content=\"2022-07-18T20:08:15+00:00\" \/>\n<meta property=\"og:image\" content=\"https:\/\/www.fadein.hr\/wp-content\/uploads\/2022\/06\/tvornice_stillovi.00_12_32_21.Still004.jpg\" \/>\n\t<meta property=\"og:image:width\" content=\"1920\" \/>\n\t<meta property=\"og:image:height\" content=\"1080\" \/>\n\t<meta property=\"og:image:type\" content=\"image\/jpeg\" \/>\n<meta name=\"author\" content=\"nora\" \/>\n<meta name=\"twitter:card\" content=\"summary_large_image\" \/>\n<meta name=\"twitter:label1\" content=\"Written by\" \/>\n\t<meta name=\"twitter:data1\" content=\"nora\" \/>\n\t<meta name=\"twitter:label2\" content=\"Est. reading time\" \/>\n\t<meta name=\"twitter:data2\" content=\"1 minute\" \/>\n<script type=\"application\/ld+json\" class=\"yoast-schema-graph\">{\"@context\":\"https:\/\/schema.org\",\"@graph\":[{\"@type\":\"Article\",\"@id\":\"https:\/\/www.fadein.hr\/en\/dandelion-for-factory-to-workers\/#article\",\"isPartOf\":{\"@id\":\"https:\/\/www.fadein.hr\/en\/dandelion-for-factory-to-workers\/\"},\"author\":{\"name\":\"nora\",\"@id\":\"https:\/\/www.fadein.hr\/en\/#\/schema\/person\/f278e09c68081ae8c1ea5e701bfe1a36\"},\"headline\":\"Dandelion for &#8220;Factory to Workers&#8221;\",\"datePublished\":\"2022-06-17T09:36:44+00:00\",\"dateModified\":\"2022-07-18T20:08:15+00:00\",\"mainEntityOfPage\":{\"@id\":\"https:\/\/www.fadein.hr\/en\/dandelion-for-factory-to-workers\/\"},\"wordCount\":137,\"commentCount\":0,\"publisher\":{\"@id\":\"https:\/\/www.fadein.hr\/en\/#organization\"},\"image\":{\"@id\":\"https:\/\/www.fadein.hr\/en\/dandelion-for-factory-to-workers\/#primaryimage\"},\"thumbnailUrl\":\"https:\/\/www.fadein.hr\/wp-content\/uploads\/2022\/06\/tvornice_stillovi.00_12_32_21.Still004.jpg\",\"articleSection\":[\"News\"],\"inLanguage\":\"en-US\",\"potentialAction\":[{\"@type\":\"CommentAction\",\"name\":\"Comment\",\"target\":[\"https:\/\/www.fadein.hr\/en\/dandelion-for-factory-to-workers\/#respond\"]}]},{\"@type\":\"WebPage\",\"@id\":\"https:\/\/www.fadein.hr\/en\/dandelion-for-factory-to-workers\/\",\"url\":\"https:\/\/www.fadein.hr\/en\/dandelion-for-factory-to-workers\/\",\"name\":\"Dandelion for \\\"Factory to Workers\\\" &#8226; FADE IN - Fantasti\u010dno dobra Institucija\",\"isPartOf\":{\"@id\":\"https:\/\/www.fadein.hr\/en\/#website\"},\"primaryImageOfPage\":{\"@id\":\"https:\/\/www.fadein.hr\/en\/dandelion-for-factory-to-workers\/#primaryimage\"},\"image\":{\"@id\":\"https:\/\/www.fadein.hr\/en\/dandelion-for-factory-to-workers\/#primaryimage\"},\"thumbnailUrl\":\"https:\/\/www.fadein.hr\/wp-content\/uploads\/2022\/06\/tvornice_stillovi.00_12_32_21.Still004.jpg\",\"datePublished\":\"2022-06-17T09:36:44+00:00\",\"dateModified\":\"2022-07-18T20:08:15+00:00\",\"description\":\"The \\\"Masla\u010dak\\\" (Dandelion) award in the regional selection 13. The Underhill film festival received our \\\"Factory to Workers\\\" documentary.\",\"breadcrumb\":{\"@id\":\"https:\/\/www.fadein.hr\/en\/dandelion-for-factory-to-workers\/#breadcrumb\"},\"inLanguage\":\"en-US\",\"potentialAction\":[{\"@type\":\"ReadAction\",\"target\":[\"https:\/\/www.fadein.hr\/en\/dandelion-for-factory-to-workers\/\"]}]},{\"@type\":\"ImageObject\",\"inLanguage\":\"en-US\",\"@id\":\"https:\/\/www.fadein.hr\/en\/dandelion-for-factory-to-workers\/#primaryimage\",\"url\":\"https:\/\/www.fadein.hr\/wp-content\/uploads\/2022\/06\/tvornice_stillovi.00_12_32_21.Still004.jpg\",\"contentUrl\":\"https:\/\/www.fadein.hr\/wp-content\/uploads\/2022\/06\/tvornice_stillovi.00_12_32_21.Still004.jpg\",\"width\":1920,\"height\":1080},{\"@type\":\"BreadcrumbList\",\"@id\":\"https:\/\/www.fadein.hr\/en\/dandelion-for-factory-to-workers\/#breadcrumb\",\"itemListElement\":[{\"@type\":\"ListItem\",\"position\":1,\"name\":\"Home\",\"item\":\"https:\/\/www.fadein.hr\/en\/\"},{\"@type\":\"ListItem\",\"position\":2,\"name\":\"Dandelion for &#8220;Factory to Workers&#8221;\"}]},{\"@type\":\"WebSite\",\"@id\":\"https:\/\/www.fadein.hr\/en\/#website\",\"url\":\"https:\/\/www.fadein.hr\/en\/\",\"name\":\"FADE IN - Fantasti\u010dno dobra Institucija\",\"description\":\"filmska i televizijska produkcija \/ film and television production\",\"publisher\":{\"@id\":\"https:\/\/www.fadein.hr\/en\/#organization\"},\"potentialAction\":[{\"@type\":\"SearchAction\",\"target\":{\"@type\":\"EntryPoint\",\"urlTemplate\":\"https:\/\/www.fadein.hr\/en\/?s={search_term_string}\"},\"query-input\":{\"@type\":\"PropertyValueSpecification\",\"valueRequired\":true,\"valueName\":\"search_term_string\"}}],\"inLanguage\":\"en-US\"},{\"@type\":\"Organization\",\"@id\":\"https:\/\/www.fadein.hr\/en\/#organization\",\"name\":\"Fade In\",\"url\":\"https:\/\/www.fadein.hr\/en\/\",\"logo\":{\"@type\":\"ImageObject\",\"inLanguage\":\"en-US\",\"@id\":\"https:\/\/www.fadein.hr\/en\/#\/schema\/logo\/image\/\",\"url\":\"https:\/\/www.fadein.hr\/wp-content\/uploads\/2018\/10\/cropped-images3.jpeg\",\"contentUrl\":\"https:\/\/www.fadein.hr\/wp-content\/uploads\/2018\/10\/cropped-images3.jpeg\",\"width\":512,\"height\":512,\"caption\":\"Fade In\"},\"image\":{\"@id\":\"https:\/\/www.fadein.hr\/en\/#\/schema\/logo\/image\/\"},\"sameAs\":[\"https:\/\/www.facebook.com\/fadeinhr\/\"]},{\"@type\":\"Person\",\"@id\":\"https:\/\/www.fadein.hr\/en\/#\/schema\/person\/f278e09c68081ae8c1ea5e701bfe1a36\",\"name\":\"nora\"}]}<\/script>\n<!-- \/ Yoast SEO plugin. -->","yoast_head_json":{"title":"Dandelion for \"Factory to Workers\" &#8226; FADE IN - Fantasti\u010dno dobra Institucija","description":"The \"Masla\u010dak\" (Dandelion) award in the regional selection 13. The Underhill film festival received our \"Factory to Workers\" documentary.","robots":{"index":"index","follow":"follow","max-snippet":"max-snippet:-1","max-image-preview":"max-image-preview:large","max-video-preview":"max-video-preview:-1"},"canonical":"https:\/\/www.fadein.hr\/en\/dandelion-for-factory-to-workers\/","og_locale":"en_US","og_type":"article","og_title":"Dandelion for \"Factory to Workers\" &#8226; FADE IN - Fantasti\u010dno dobra Institucija","og_description":"The \"Masla\u010dak\" (Dandelion) award in the regional selection 13. The Underhill film festival received our \"Factory to Workers\" documentary.","og_url":"https:\/\/www.fadein.hr\/en\/dandelion-for-factory-to-workers\/","og_site_name":"FADE IN - Fantasti\u010dno dobra Institucija","article_publisher":"https:\/\/www.facebook.com\/fadeinhr\/","article_published_time":"2022-06-17T09:36:44+00:00","article_modified_time":"2022-07-18T20:08:15+00:00","og_image":[{"width":1920,"height":1080,"url":"https:\/\/www.fadein.hr\/wp-content\/uploads\/2022\/06\/tvornice_stillovi.00_12_32_21.Still004.jpg","type":"image\/jpeg"}],"author":"nora","twitter_card":"summary_large_image","twitter_misc":{"Written by":"nora","Est. reading time":"1 minute"},"schema":{"@context":"https:\/\/schema.org","@graph":[{"@type":"Article","@id":"https:\/\/www.fadein.hr\/en\/dandelion-for-factory-to-workers\/#article","isPartOf":{"@id":"https:\/\/www.fadein.hr\/en\/dandelion-for-factory-to-workers\/"},"author":{"name":"nora","@id":"https:\/\/www.fadein.hr\/en\/#\/schema\/person\/f278e09c68081ae8c1ea5e701bfe1a36"},"headline":"Dandelion for &#8220;Factory to Workers&#8221;","datePublished":"2022-06-17T09:36:44+00:00","dateModified":"2022-07-18T20:08:15+00:00","mainEntityOfPage":{"@id":"https:\/\/www.fadein.hr\/en\/dandelion-for-factory-to-workers\/"},"wordCount":137,"commentCount":0,"publisher":{"@id":"https:\/\/www.fadein.hr\/en\/#organization"},"image":{"@id":"https:\/\/www.fadein.hr\/en\/dandelion-for-factory-to-workers\/#primaryimage"},"thumbnailUrl":"https:\/\/www.fadein.hr\/wp-content\/uploads\/2022\/06\/tvornice_stillovi.00_12_32_21.Still004.jpg","articleSection":["News"],"inLanguage":"en-US","potentialAction":[{"@type":"CommentAction","name":"Comment","target":["https:\/\/www.fadein.hr\/en\/dandelion-for-factory-to-workers\/#respond"]}]},{"@type":"WebPage","@id":"https:\/\/www.fadein.hr\/en\/dandelion-for-factory-to-workers\/","url":"https:\/\/www.fadein.hr\/en\/dandelion-for-factory-to-workers\/","name":"Dandelion for \"Factory to Workers\" &#8226; FADE IN - Fantasti\u010dno dobra Institucija","isPartOf":{"@id":"https:\/\/www.fadein.hr\/en\/#website"},"primaryImageOfPage":{"@id":"https:\/\/www.fadein.hr\/en\/dandelion-for-factory-to-workers\/#primaryimage"},"image":{"@id":"https:\/\/www.fadein.hr\/en\/dandelion-for-factory-to-workers\/#primaryimage"},"thumbnailUrl":"https:\/\/www.fadein.hr\/wp-content\/uploads\/2022\/06\/tvornice_stillovi.00_12_32_21.Still004.jpg","datePublished":"2022-06-17T09:36:44+00:00","dateModified":"2022-07-18T20:08:15+00:00","description":"The \"Masla\u010dak\" (Dandelion) award in the regional selection 13. The Underhill film festival received our \"Factory to Workers\" documentary.","breadcrumb":{"@id":"https:\/\/www.fadein.hr\/en\/dandelion-for-factory-to-workers\/#breadcrumb"},"inLanguage":"en-US","potentialAction":[{"@type":"ReadAction","target":["https:\/\/www.fadein.hr\/en\/dandelion-for-factory-to-workers\/"]}]},{"@type":"ImageObject","inLanguage":"en-US","@id":"https:\/\/www.fadein.hr\/en\/dandelion-for-factory-to-workers\/#primaryimage","url":"https:\/\/www.fadein.hr\/wp-content\/uploads\/2022\/06\/tvornice_stillovi.00_12_32_21.Still004.jpg","contentUrl":"https:\/\/www.fadein.hr\/wp-content\/uploads\/2022\/06\/tvornice_stillovi.00_12_32_21.Still004.jpg","width":1920,"height":1080},{"@type":"BreadcrumbList","@id":"https:\/\/www.fadein.hr\/en\/dandelion-for-factory-to-workers\/#breadcrumb","itemListElement":[{"@type":"ListItem","position":1,"name":"Home","item":"https:\/\/www.fadein.hr\/en\/"},{"@type":"ListItem","position":2,"name":"Dandelion for &#8220;Factory to Workers&#8221;"}]},{"@type":"WebSite","@id":"https:\/\/www.fadein.hr\/en\/#website","url":"https:\/\/www.fadein.hr\/en\/","name":"FADE IN - Fantasti\u010dno dobra Institucija","description":"filmska i televizijska produkcija \/ film and television production","publisher":{"@id":"https:\/\/www.fadein.hr\/en\/#organization"},"potentialAction":[{"@type":"SearchAction","target":{"@type":"EntryPoint","urlTemplate":"https:\/\/www.fadein.hr\/en\/?s={search_term_string}"},"query-input":{"@type":"PropertyValueSpecification","valueRequired":true,"valueName":"search_term_string"}}],"inLanguage":"en-US"},{"@type":"Organization","@id":"https:\/\/www.fadein.hr\/en\/#organization","name":"Fade In","url":"https:\/\/www.fadein.hr\/en\/","logo":{"@type":"ImageObject","inLanguage":"en-US","@id":"https:\/\/www.fadein.hr\/en\/#\/schema\/logo\/image\/","url":"https:\/\/www.fadein.hr\/wp-content\/uploads\/2018\/10\/cropped-images3.jpeg","contentUrl":"https:\/\/www.fadein.hr\/wp-content\/uploads\/2018\/10\/cropped-images3.jpeg","width":512,"height":512,"caption":"Fade In"},"image":{"@id":"https:\/\/www.fadein.hr\/en\/#\/schema\/logo\/image\/"},"sameAs":["https:\/\/www.facebook.com\/fadeinhr\/"]},{"@type":"Person","@id":"https:\/\/www.fadein.hr\/en\/#\/schema\/person\/f278e09c68081ae8c1ea5e701bfe1a36","name":"nora"}]}},"_links":{"self":[{"href":"https:\/\/www.fadein.hr\/en\/wp-json\/wp\/v2\/posts\/2379","targetHints":{"allow":["GET"]}}],"collection":[{"href":"https:\/\/www.fadein.hr\/en\/wp-json\/wp\/v2\/posts"}],"about":[{"href":"https:\/\/www.fadein.hr\/en\/wp-json\/wp\/v2\/types\/post"}],"author":[{"embeddable":true,"href":"https:\/\/www.fadein.hr\/en\/wp-json\/wp\/v2\/users\/3"}],"replies":[{"embeddable":true,"href":"https:\/\/www.fadein.hr\/en\/wp-json\/wp\/v2\/comments?post=2379"}],"version-history":[{"count":1,"href":"https:\/\/www.fadein.hr\/en\/wp-json\/wp\/v2\/posts\/2379\/revisions"}],"predecessor-version":[{"id":2389,"href":"https:\/\/www.fadein.hr\/en\/wp-json\/wp\/v2\/posts\/2379\/revisions\/2389"}],"wp:featuredmedia":[{"embeddable":true,"href":"https:\/\/www.fadein.hr\/en\/wp-json\/wp\/v2\/media\/2380"}],"wp:attachment":[{"href":"https:\/\/www.fadein.hr\/en\/wp-json\/wp\/v2\/media?parent=2379"}],"wp:term":[{"taxonomy":"category","embeddable":true,"href":"https:\/\/www.fadein.hr\/en\/wp-json\/wp\/v2\/categories?post=2379"},{"taxonomy":"post_tag","embeddable":true,"href":"https:\/\/www.fadein.hr\/en\/wp-json\/wp\/v2\/tags?post=2379"}],"curies":[{"name":"wp","href":"https:\/\/api.w.org\/{rel}","templated":true}]}}